{"id":14772,"date":"2026-04-01T09:44:53","date_gmt":"2026-04-01T07:44:53","guid":{"rendered":"https:\/\/www.co-nect.fr\/?p=14772"},"modified":"2026-04-01T09:53:10","modified_gmt":"2026-04-01T07:53:10","slug":"may-10-the-exhibition","status":"publish","type":"post","link":"https:\/\/co-nect.definima.net\/en\/may-10-the-exhibition\/","title":{"rendered":"May 10! The exhibition"},"content":{"rendered":"\n<p>To mark the 40th anniversary of Fran\u00e7ois Mitterrand\u2019s election as President of the Republic, a photo exhibition centered on the July Column\u2014the epicenter of Bastille Day celebrations\u2014invited visitors to relive those moments from Monday, May 10, to Sunday, May 16, 2021.<\/p>\n\n\n\n<p>For this occasion, scenographer Isabelle Fourcade called upon the expertise of #team_conect as Project Management Assistants.<\/p>\n\n\n\n<p>Our teams handled the assembly and fabrication of the display structures for this commemorative exhibition, as well as the printing of \u201clarge-format\u201d photos on 3m x 2.5m coated canvas and textile adhesive measuring over 2.50 m\u00b2.<\/p>\n\n\n\n<p>Finally, around twenty planters made of wood and expanded PVC were designed in our workshops to hold the 500 red roses that adorned the exhibition.<\/p>\n\n\n\n<p><a href=\"https:\/\/co-nect.definima.net\/en\/realisations\/exposition-10-mai-1981-2021\/\">View photos<\/a><\/p>\n\n\n\n<p><\/p>\n","protected":false},"excerpt":{"rendered":"To mark the 40th anniversary of Fran\u00e7ois Mitterrand\u2019s election as President of the Republic, a photo exhibition centered on the July Column\u2014the epicenter of Bastille Day celebrations\u2014invited visitors to relive those moments from Monday, May 10, to Sunday, May 16, 2021. For this occasion, scenographer Isabelle Fourcade called upon the expertise of #team_conect as Project&#8230; <a class=\"view-article\" href=\"https:\/\/co-nect.definima.net\/en\/may-10-the-exhibition\/\">View Article<\/a>","protected":false},"author":1,"featured_media":0,"comment_status":"closed","ping_status":"open","sticky":false,"template":"","format":"standard","meta":{"_seopress_robots_primary_cat":"none","_seopress_titles_title":"","_seopress_titles_desc":"","_seopress_robots_index":"","footnotes":""},"categories":[63],"tags":[],"class_list":["post-14772","post","type-post","status-publish","format-standard","hentry","category-uncategorized"],"yoast_head":"<!-- This site is optimized with the Yoast SEO plugin v27.3 - https:\/\/yoast.com\/product\/yoast-seo-wordpress\/ -->\n<title>May 10! The exhibition | Co-nect<\/title>\n<meta name=\"robots\" content=\"index, follow, max-snippet:-1, max-image-preview:large, max-video-preview:-1\" \/>\n<link rel=\"canonical\" href=\"https:\/\/co-nect.definima.net\/en\/may-10-the-exhibition\/\" \/>\n<meta property=\"og:locale\" content=\"en_US\" \/>\n<meta property=\"og:type\" content=\"article\" \/>\n<meta property=\"og:title\" content=\"May 10! The exhibition | Co-nect\" \/>\n<meta property=\"og:description\" content=\"To mark the 40th anniversary of Fran\u00e7ois Mitterrand\u2019s election as President of the Republic, a photo exhibition centered on the July Column\u2014the epicenter of Bastille Day celebrations\u2014invited visitors to relive those moments from Monday, May 10, to Sunday, May 16, 2021. For this occasion, scenographer Isabelle Fourcade called upon the expertise of #team_conect as Project... View Article\" \/>\n<meta property=\"og:url\" content=\"https:\/\/co-nect.definima.net\/en\/may-10-the-exhibition\/\" \/>\n<meta property=\"og:site_name\" content=\"Co-nect\" \/>\n<meta property=\"article:published_time\" content=\"2026-04-01T07:44:53+00:00\" \/>\n<meta property=\"article:modified_time\" content=\"2026-04-01T07:53:10+00:00\" \/>\n<meta name=\"author\" content=\"Definima\" \/>\n<meta name=\"twitter:card\" content=\"summary_large_image\" \/>\n<meta name=\"twitter:label1\" content=\"Written by\" \/>\n\t<meta name=\"twitter:data1\" content=\"Definima\" \/>\n\t<meta name=\"twitter:label2\" content=\"Est. reading time\" \/>\n\t<meta name=\"twitter:data2\" content=\"1 minute\" \/>\n<script type=\"application\/ld+json\" class=\"yoast-schema-graph\">{\"@context\":\"https:\\\/\\\/schema.org\",\"@graph\":[{\"@type\":\"Article\",\"@id\":\"https:\\\/\\\/co-nect.definima.net\\\/en\\\/may-10-the-exhibition\\\/#article\",\"isPartOf\":{\"@id\":\"https:\\\/\\\/co-nect.definima.net\\\/en\\\/may-10-the-exhibition\\\/\"},\"author\":{\"name\":\"Definima\",\"@id\":\"https:\\\/\\\/co-nect.definima.net\\\/#\\\/schema\\\/person\\\/e491bfe48a53818d4eac44b3a6653a0b\"},\"headline\":\"May 10! The exhibition\",\"datePublished\":\"2026-04-01T07:44:53+00:00\",\"dateModified\":\"2026-04-01T07:53:10+00:00\",\"mainEntityOfPage\":{\"@id\":\"https:\\\/\\\/co-nect.definima.net\\\/en\\\/may-10-the-exhibition\\\/\"},\"wordCount\":123,\"publisher\":{\"@id\":\"https:\\\/\\\/co-nect.definima.net\\\/#organization\"},\"inLanguage\":\"en-US\"},{\"@type\":\"WebPage\",\"@id\":\"https:\\\/\\\/co-nect.definima.net\\\/en\\\/may-10-the-exhibition\\\/\",\"url\":\"https:\\\/\\\/co-nect.definima.net\\\/en\\\/may-10-the-exhibition\\\/\",\"name\":\"May 10! The exhibition | Co-nect\",\"isPartOf\":{\"@id\":\"https:\\\/\\\/co-nect.definima.net\\\/#website\"},\"datePublished\":\"2026-04-01T07:44:53+00:00\",\"dateModified\":\"2026-04-01T07:53:10+00:00\",\"breadcrumb\":{\"@id\":\"https:\\\/\\\/co-nect.definima.net\\\/en\\\/may-10-the-exhibition\\\/#breadcrumb\"},\"inLanguage\":\"en-US\",\"potentialAction\":[{\"@type\":\"ReadAction\",\"target\":[\"https:\\\/\\\/co-nect.definima.net\\\/en\\\/may-10-the-exhibition\\\/\"]}]},{\"@type\":\"BreadcrumbList\",\"@id\":\"https:\\\/\\\/co-nect.definima.net\\\/en\\\/may-10-the-exhibition\\\/#breadcrumb\",\"itemListElement\":[{\"@type\":\"ListItem\",\"position\":1,\"name\":\"Accueil\",\"item\":\"https:\\\/\\\/co-nect.definima.net\\\/en\\\/\"},{\"@type\":\"ListItem\",\"position\":2,\"name\":\"May 10! The exhibition\"}]},{\"@type\":\"WebSite\",\"@id\":\"https:\\\/\\\/co-nect.definima.net\\\/#website\",\"url\":\"https:\\\/\\\/co-nect.definima.net\\\/\",\"name\":\"Co-nect\",\"description\":\"Ma\u00eetre en \u00e9v\u00e9nements\",\"publisher\":{\"@id\":\"https:\\\/\\\/co-nect.definima.net\\\/#organization\"},\"potentialAction\":[{\"@type\":\"SearchAction\",\"target\":{\"@type\":\"EntryPoint\",\"urlTemplate\":\"https:\\\/\\\/co-nect.definima.net\\\/?s={search_term_string}\"},\"query-input\":{\"@type\":\"PropertyValueSpecification\",\"valueRequired\":true,\"valueName\":\"search_term_string\"}}],\"inLanguage\":\"en-US\"},{\"@type\":\"Organization\",\"@id\":\"https:\\\/\\\/co-nect.definima.net\\\/#organization\",\"name\":\"Les Ortigues\",\"url\":\"https:\\\/\\\/co-nect.definima.net\\\/\",\"logo\":{\"@type\":\"ImageObject\",\"inLanguage\":\"en-US\",\"@id\":\"https:\\\/\\\/co-nect.definima.net\\\/#\\\/schema\\\/logo\\\/image\\\/\",\"url\":\"\",\"contentUrl\":\"\",\"caption\":\"Les Ortigues\"},\"image\":{\"@id\":\"https:\\\/\\\/co-nect.definima.net\\\/#\\\/schema\\\/logo\\\/image\\\/\"}},{\"@type\":\"Person\",\"@id\":\"https:\\\/\\\/co-nect.definima.net\\\/#\\\/schema\\\/person\\\/e491bfe48a53818d4eac44b3a6653a0b\",\"name\":\"Definima\",\"image\":{\"@type\":\"ImageObject\",\"inLanguage\":\"en-US\",\"@id\":\"https:\\\/\\\/secure.gravatar.com\\\/avatar\\\/3ca15c849953e0fc300ac53654e7262ee4b4ee55e4755ae62d280f5291fa84c1?s=96&d=mm&r=g\",\"url\":\"https:\\\/\\\/secure.gravatar.com\\\/avatar\\\/3ca15c849953e0fc300ac53654e7262ee4b4ee55e4755ae62d280f5291fa84c1?s=96&d=mm&r=g\",\"contentUrl\":\"https:\\\/\\\/secure.gravatar.com\\\/avatar\\\/3ca15c849953e0fc300ac53654e7262ee4b4ee55e4755ae62d280f5291fa84c1?s=96&d=mm&r=g\",\"caption\":\"Definima\"}}]}<\/script>\n<!-- \/ Yoast SEO plugin. -->","yoast_head_json":{"title":"May 10! The exhibition | Co-nect","robots":{"index":"index","follow":"follow","max-snippet":"max-snippet:-1","max-image-preview":"max-image-preview:large","max-video-preview":"max-video-preview:-1"},"canonical":"https:\/\/co-nect.definima.net\/en\/may-10-the-exhibition\/","og_locale":"en_US","og_type":"article","og_title":"May 10! The exhibition | Co-nect","og_description":"To mark the 40th anniversary of Fran\u00e7ois Mitterrand\u2019s election as President of the Republic, a photo exhibition centered on the July Column\u2014the epicenter of Bastille Day celebrations\u2014invited visitors to relive those moments from Monday, May 10, to Sunday, May 16, 2021. For this occasion, scenographer Isabelle Fourcade called upon the expertise of #team_conect as Project... View Article","og_url":"https:\/\/co-nect.definima.net\/en\/may-10-the-exhibition\/","og_site_name":"Co-nect","article_published_time":"2026-04-01T07:44:53+00:00","article_modified_time":"2026-04-01T07:53:10+00:00","author":"Definima","twitter_card":"summary_large_image","twitter_misc":{"Written by":"Definima","Est. reading time":"1 minute"},"schema":{"@context":"https:\/\/schema.org","@graph":[{"@type":"Article","@id":"https:\/\/co-nect.definima.net\/en\/may-10-the-exhibition\/#article","isPartOf":{"@id":"https:\/\/co-nect.definima.net\/en\/may-10-the-exhibition\/"},"author":{"name":"Definima","@id":"https:\/\/co-nect.definima.net\/#\/schema\/person\/e491bfe48a53818d4eac44b3a6653a0b"},"headline":"May 10! The exhibition","datePublished":"2026-04-01T07:44:53+00:00","dateModified":"2026-04-01T07:53:10+00:00","mainEntityOfPage":{"@id":"https:\/\/co-nect.definima.net\/en\/may-10-the-exhibition\/"},"wordCount":123,"publisher":{"@id":"https:\/\/co-nect.definima.net\/#organization"},"inLanguage":"en-US"},{"@type":"WebPage","@id":"https:\/\/co-nect.definima.net\/en\/may-10-the-exhibition\/","url":"https:\/\/co-nect.definima.net\/en\/may-10-the-exhibition\/","name":"May 10! The exhibition | Co-nect","isPartOf":{"@id":"https:\/\/co-nect.definima.net\/#website"},"datePublished":"2026-04-01T07:44:53+00:00","dateModified":"2026-04-01T07:53:10+00:00","breadcrumb":{"@id":"https:\/\/co-nect.definima.net\/en\/may-10-the-exhibition\/#breadcrumb"},"inLanguage":"en-US","potentialAction":[{"@type":"ReadAction","target":["https:\/\/co-nect.definima.net\/en\/may-10-the-exhibition\/"]}]},{"@type":"BreadcrumbList","@id":"https:\/\/co-nect.definima.net\/en\/may-10-the-exhibition\/#breadcrumb","itemListElement":[{"@type":"ListItem","position":1,"name":"Accueil","item":"https:\/\/co-nect.definima.net\/en\/"},{"@type":"ListItem","position":2,"name":"May 10! The exhibition"}]},{"@type":"WebSite","@id":"https:\/\/co-nect.definima.net\/#website","url":"https:\/\/co-nect.definima.net\/","name":"Co-nect","description":"Ma\u00eetre en \u00e9v\u00e9nements","publisher":{"@id":"https:\/\/co-nect.definima.net\/#organization"},"potentialAction":[{"@type":"SearchAction","target":{"@type":"EntryPoint","urlTemplate":"https:\/\/co-nect.definima.net\/?s={search_term_string}"},"query-input":{"@type":"PropertyValueSpecification","valueRequired":true,"valueName":"search_term_string"}}],"inLanguage":"en-US"},{"@type":"Organization","@id":"https:\/\/co-nect.definima.net\/#organization","name":"Les Ortigues","url":"https:\/\/co-nect.definima.net\/","logo":{"@type":"ImageObject","inLanguage":"en-US","@id":"https:\/\/co-nect.definima.net\/#\/schema\/logo\/image\/","url":"","contentUrl":"","caption":"Les Ortigues"},"image":{"@id":"https:\/\/co-nect.definima.net\/#\/schema\/logo\/image\/"}},{"@type":"Person","@id":"https:\/\/co-nect.definima.net\/#\/schema\/person\/e491bfe48a53818d4eac44b3a6653a0b","name":"Definima","image":{"@type":"ImageObject","inLanguage":"en-US","@id":"https:\/\/secure.gravatar.com\/avatar\/3ca15c849953e0fc300ac53654e7262ee4b4ee55e4755ae62d280f5291fa84c1?s=96&d=mm&r=g","url":"https:\/\/secure.gravatar.com\/avatar\/3ca15c849953e0fc300ac53654e7262ee4b4ee55e4755ae62d280f5291fa84c1?s=96&d=mm&r=g","contentUrl":"https:\/\/secure.gravatar.com\/avatar\/3ca15c849953e0fc300ac53654e7262ee4b4ee55e4755ae62d280f5291fa84c1?s=96&d=mm&r=g","caption":"Definima"}}]}},"_links":{"self":[{"href":"https:\/\/co-nect.definima.net\/en\/wp-json\/wp\/v2\/posts\/14772","targetHints":{"allow":["GET"]}}],"collection":[{"href":"https:\/\/co-nect.definima.net\/en\/wp-json\/wp\/v2\/posts"}],"about":[{"href":"https:\/\/co-nect.definima.net\/en\/wp-json\/wp\/v2\/types\/post"}],"author":[{"embeddable":true,"href":"https:\/\/co-nect.definima.net\/en\/wp-json\/wp\/v2\/users\/1"}],"replies":[{"embeddable":true,"href":"https:\/\/co-nect.definima.net\/en\/wp-json\/wp\/v2\/comments?post=14772"}],"version-history":[{"count":2,"href":"https:\/\/co-nect.definima.net\/en\/wp-json\/wp\/v2\/posts\/14772\/revisions"}],"predecessor-version":[{"id":14776,"href":"https:\/\/co-nect.definima.net\/en\/wp-json\/wp\/v2\/posts\/14772\/revisions\/14776"}],"wp:attachment":[{"href":"https:\/\/co-nect.definima.net\/en\/wp-json\/wp\/v2\/media?parent=14772"}],"wp:term":[{"taxonomy":"category","embeddable":true,"href":"https:\/\/co-nect.definima.net\/en\/wp-json\/wp\/v2\/categories?post=14772"},{"taxonomy":"post_tag","embeddable":true,"href":"https:\/\/co-nect.definima.net\/en\/wp-json\/wp\/v2\/tags?post=14772"}],"curies":[{"name":"wp","href":"https:\/\/api.w.org\/{rel}","templated":true}]}}