{"id":14768,"date":"2026-04-01T09:47:08","date_gmt":"2026-04-01T07:47:08","guid":{"rendered":"https:\/\/www.co-nect.fr\/?p=14768"},"modified":"2026-04-01T09:54:19","modified_gmt":"2026-04-01T07:54:19","slug":"press-release","status":"publish","type":"post","link":"https:\/\/co-nect.definima.net\/en\/press-release\/","title":{"rendered":"Press Release"},"content":{"rendered":"\n<p>A Necessary Transformation and New Ambitions.<\/p>\n\n\n\n<p>Philippe Rondot, CEO of CO-NECT, unveiled the new strategy and positioning of the CO-NECT Group\u2019s subsidiaries yesterday at a press conference.<\/p>\n\n\n\n<p><\/p>\n\n\n\n<div class=\"wp-block-buttons is-content-justification-center is-layout-flex wp-container-core-buttons-is-layout-16018d1d wp-block-buttons-is-layout-flex\">\n<div class=\"wp-block-button\"><a class=\"wp-block-button__link wp-element-button\">Read the press release<\/a><\/div>\n<\/div>\n\n\n\n<p><\/p>\n","protected":false},"excerpt":{"rendered":"A Necessary Transformation and New Ambitions. Philippe Rondot, CEO of CO-NECT, unveiled the new strategy and positioning of the CO-NECT Group\u2019s subsidiaries yesterday at a press conference.","protected":false},"author":1,"featured_media":0,"comment_status":"closed","ping_status":"open","sticky":false,"template":"","format":"standard","meta":{"_seopress_robots_primary_cat":"none","_seopress_titles_title":"","_seopress_titles_desc":"","_seopress_robots_index":"","footnotes":""},"categories":[63],"tags":[],"class_list":["post-14768","post","type-post","status-publish","format-standard","hentry","category-uncategorized"],"yoast_head":"<!-- This site is optimized with the Yoast SEO plugin v27.3 - https:\/\/yoast.com\/product\/yoast-seo-wordpress\/ -->\n<title>Press Release | Co-nect<\/title>\n<meta name=\"robots\" content=\"index, follow, max-snippet:-1, max-image-preview:large, max-video-preview:-1\" \/>\n<link rel=\"canonical\" href=\"https:\/\/co-nect.definima.net\/en\/press-release\/\" \/>\n<meta property=\"og:locale\" content=\"en_US\" \/>\n<meta property=\"og:type\" content=\"article\" \/>\n<meta property=\"og:title\" content=\"Press Release | Co-nect\" \/>\n<meta property=\"og:description\" content=\"A Necessary Transformation and New Ambitions. Philippe Rondot, CEO of CO-NECT, unveiled the new strategy and positioning of the CO-NECT Group\u2019s subsidiaries yesterday at a press conference.\" \/>\n<meta property=\"og:url\" content=\"https:\/\/co-nect.definima.net\/en\/press-release\/\" \/>\n<meta property=\"og:site_name\" content=\"Co-nect\" \/>\n<meta property=\"article:published_time\" content=\"2026-04-01T07:47:08+00:00\" \/>\n<meta property=\"article:modified_time\" content=\"2026-04-01T07:54:19+00:00\" \/>\n<meta name=\"author\" content=\"Definima\" \/>\n<meta name=\"twitter:card\" content=\"summary_large_image\" \/>\n<meta name=\"twitter:label1\" content=\"Written by\" \/>\n\t<meta name=\"twitter:data1\" content=\"Definima\" \/>\n\t<meta name=\"twitter:label2\" content=\"Est. reading time\" \/>\n\t<meta name=\"twitter:data2\" content=\"1 minute\" \/>\n<script type=\"application\/ld+json\" class=\"yoast-schema-graph\">{\"@context\":\"https:\\\/\\\/schema.org\",\"@graph\":[{\"@type\":\"Article\",\"@id\":\"https:\\\/\\\/co-nect.definima.net\\\/en\\\/press-release\\\/#article\",\"isPartOf\":{\"@id\":\"https:\\\/\\\/co-nect.definima.net\\\/en\\\/press-release\\\/\"},\"author\":{\"name\":\"Definima\",\"@id\":\"https:\\\/\\\/co-nect.definima.net\\\/#\\\/schema\\\/person\\\/e491bfe48a53818d4eac44b3a6653a0b\"},\"headline\":\"Press Release\",\"datePublished\":\"2026-04-01T07:47:08+00:00\",\"dateModified\":\"2026-04-01T07:54:19+00:00\",\"mainEntityOfPage\":{\"@id\":\"https:\\\/\\\/co-nect.definima.net\\\/en\\\/press-release\\\/\"},\"wordCount\":34,\"publisher\":{\"@id\":\"https:\\\/\\\/co-nect.definima.net\\\/#organization\"},\"inLanguage\":\"en-US\"},{\"@type\":\"WebPage\",\"@id\":\"https:\\\/\\\/co-nect.definima.net\\\/en\\\/press-release\\\/\",\"url\":\"https:\\\/\\\/co-nect.definima.net\\\/en\\\/press-release\\\/\",\"name\":\"Press Release | Co-nect\",\"isPartOf\":{\"@id\":\"https:\\\/\\\/co-nect.definima.net\\\/#website\"},\"datePublished\":\"2026-04-01T07:47:08+00:00\",\"dateModified\":\"2026-04-01T07:54:19+00:00\",\"breadcrumb\":{\"@id\":\"https:\\\/\\\/co-nect.definima.net\\\/en\\\/press-release\\\/#breadcrumb\"},\"inLanguage\":\"en-US\",\"potentialAction\":[{\"@type\":\"ReadAction\",\"target\":[\"https:\\\/\\\/co-nect.definima.net\\\/en\\\/press-release\\\/\"]}]},{\"@type\":\"BreadcrumbList\",\"@id\":\"https:\\\/\\\/co-nect.definima.net\\\/en\\\/press-release\\\/#breadcrumb\",\"itemListElement\":[{\"@type\":\"ListItem\",\"position\":1,\"name\":\"Accueil\",\"item\":\"https:\\\/\\\/co-nect.definima.net\\\/en\\\/\"},{\"@type\":\"ListItem\",\"position\":2,\"name\":\"Press Release\"}]},{\"@type\":\"WebSite\",\"@id\":\"https:\\\/\\\/co-nect.definima.net\\\/#website\",\"url\":\"https:\\\/\\\/co-nect.definima.net\\\/\",\"name\":\"Co-nect\",\"description\":\"Ma\u00eetre en \u00e9v\u00e9nements\",\"publisher\":{\"@id\":\"https:\\\/\\\/co-nect.definima.net\\\/#organization\"},\"potentialAction\":[{\"@type\":\"SearchAction\",\"target\":{\"@type\":\"EntryPoint\",\"urlTemplate\":\"https:\\\/\\\/co-nect.definima.net\\\/?s={search_term_string}\"},\"query-input\":{\"@type\":\"PropertyValueSpecification\",\"valueRequired\":true,\"valueName\":\"search_term_string\"}}],\"inLanguage\":\"en-US\"},{\"@type\":\"Organization\",\"@id\":\"https:\\\/\\\/co-nect.definima.net\\\/#organization\",\"name\":\"Les Ortigues\",\"url\":\"https:\\\/\\\/co-nect.definima.net\\\/\",\"logo\":{\"@type\":\"ImageObject\",\"inLanguage\":\"en-US\",\"@id\":\"https:\\\/\\\/co-nect.definima.net\\\/#\\\/schema\\\/logo\\\/image\\\/\",\"url\":\"\",\"contentUrl\":\"\",\"caption\":\"Les Ortigues\"},\"image\":{\"@id\":\"https:\\\/\\\/co-nect.definima.net\\\/#\\\/schema\\\/logo\\\/image\\\/\"}},{\"@type\":\"Person\",\"@id\":\"https:\\\/\\\/co-nect.definima.net\\\/#\\\/schema\\\/person\\\/e491bfe48a53818d4eac44b3a6653a0b\",\"name\":\"Definima\",\"image\":{\"@type\":\"ImageObject\",\"inLanguage\":\"en-US\",\"@id\":\"https:\\\/\\\/secure.gravatar.com\\\/avatar\\\/3ca15c849953e0fc300ac53654e7262ee4b4ee55e4755ae62d280f5291fa84c1?s=96&d=mm&r=g\",\"url\":\"https:\\\/\\\/secure.gravatar.com\\\/avatar\\\/3ca15c849953e0fc300ac53654e7262ee4b4ee55e4755ae62d280f5291fa84c1?s=96&d=mm&r=g\",\"contentUrl\":\"https:\\\/\\\/secure.gravatar.com\\\/avatar\\\/3ca15c849953e0fc300ac53654e7262ee4b4ee55e4755ae62d280f5291fa84c1?s=96&d=mm&r=g\",\"caption\":\"Definima\"}}]}<\/script>\n<!-- \/ Yoast SEO plugin. -->","yoast_head_json":{"title":"Press Release | Co-nect","robots":{"index":"index","follow":"follow","max-snippet":"max-snippet:-1","max-image-preview":"max-image-preview:large","max-video-preview":"max-video-preview:-1"},"canonical":"https:\/\/co-nect.definima.net\/en\/press-release\/","og_locale":"en_US","og_type":"article","og_title":"Press Release | Co-nect","og_description":"A Necessary Transformation and New Ambitions. Philippe Rondot, CEO of CO-NECT, unveiled the new strategy and positioning of the CO-NECT Group\u2019s subsidiaries yesterday at a press conference.","og_url":"https:\/\/co-nect.definima.net\/en\/press-release\/","og_site_name":"Co-nect","article_published_time":"2026-04-01T07:47:08+00:00","article_modified_time":"2026-04-01T07:54:19+00:00","author":"Definima","twitter_card":"summary_large_image","twitter_misc":{"Written by":"Definima","Est. reading time":"1 minute"},"schema":{"@context":"https:\/\/schema.org","@graph":[{"@type":"Article","@id":"https:\/\/co-nect.definima.net\/en\/press-release\/#article","isPartOf":{"@id":"https:\/\/co-nect.definima.net\/en\/press-release\/"},"author":{"name":"Definima","@id":"https:\/\/co-nect.definima.net\/#\/schema\/person\/e491bfe48a53818d4eac44b3a6653a0b"},"headline":"Press Release","datePublished":"2026-04-01T07:47:08+00:00","dateModified":"2026-04-01T07:54:19+00:00","mainEntityOfPage":{"@id":"https:\/\/co-nect.definima.net\/en\/press-release\/"},"wordCount":34,"publisher":{"@id":"https:\/\/co-nect.definima.net\/#organization"},"inLanguage":"en-US"},{"@type":"WebPage","@id":"https:\/\/co-nect.definima.net\/en\/press-release\/","url":"https:\/\/co-nect.definima.net\/en\/press-release\/","name":"Press Release | Co-nect","isPartOf":{"@id":"https:\/\/co-nect.definima.net\/#website"},"datePublished":"2026-04-01T07:47:08+00:00","dateModified":"2026-04-01T07:54:19+00:00","breadcrumb":{"@id":"https:\/\/co-nect.definima.net\/en\/press-release\/#breadcrumb"},"inLanguage":"en-US","potentialAction":[{"@type":"ReadAction","target":["https:\/\/co-nect.definima.net\/en\/press-release\/"]}]},{"@type":"BreadcrumbList","@id":"https:\/\/co-nect.definima.net\/en\/press-release\/#breadcrumb","itemListElement":[{"@type":"ListItem","position":1,"name":"Accueil","item":"https:\/\/co-nect.definima.net\/en\/"},{"@type":"ListItem","position":2,"name":"Press Release"}]},{"@type":"WebSite","@id":"https:\/\/co-nect.definima.net\/#website","url":"https:\/\/co-nect.definima.net\/","name":"Co-nect","description":"Ma\u00eetre en \u00e9v\u00e9nements","publisher":{"@id":"https:\/\/co-nect.definima.net\/#organization"},"potentialAction":[{"@type":"SearchAction","target":{"@type":"EntryPoint","urlTemplate":"https:\/\/co-nect.definima.net\/?s={search_term_string}"},"query-input":{"@type":"PropertyValueSpecification","valueRequired":true,"valueName":"search_term_string"}}],"inLanguage":"en-US"},{"@type":"Organization","@id":"https:\/\/co-nect.definima.net\/#organization","name":"Les Ortigues","url":"https:\/\/co-nect.definima.net\/","logo":{"@type":"ImageObject","inLanguage":"en-US","@id":"https:\/\/co-nect.definima.net\/#\/schema\/logo\/image\/","url":"","contentUrl":"","caption":"Les Ortigues"},"image":{"@id":"https:\/\/co-nect.definima.net\/#\/schema\/logo\/image\/"}},{"@type":"Person","@id":"https:\/\/co-nect.definima.net\/#\/schema\/person\/e491bfe48a53818d4eac44b3a6653a0b","name":"Definima","image":{"@type":"ImageObject","inLanguage":"en-US","@id":"https:\/\/secure.gravatar.com\/avatar\/3ca15c849953e0fc300ac53654e7262ee4b4ee55e4755ae62d280f5291fa84c1?s=96&d=mm&r=g","url":"https:\/\/secure.gravatar.com\/avatar\/3ca15c849953e0fc300ac53654e7262ee4b4ee55e4755ae62d280f5291fa84c1?s=96&d=mm&r=g","contentUrl":"https:\/\/secure.gravatar.com\/avatar\/3ca15c849953e0fc300ac53654e7262ee4b4ee55e4755ae62d280f5291fa84c1?s=96&d=mm&r=g","caption":"Definima"}}]}},"_links":{"self":[{"href":"https:\/\/co-nect.definima.net\/en\/wp-json\/wp\/v2\/posts\/14768","targetHints":{"allow":["GET"]}}],"collection":[{"href":"https:\/\/co-nect.definima.net\/en\/wp-json\/wp\/v2\/posts"}],"about":[{"href":"https:\/\/co-nect.definima.net\/en\/wp-json\/wp\/v2\/types\/post"}],"author":[{"embeddable":true,"href":"https:\/\/co-nect.definima.net\/en\/wp-json\/wp\/v2\/users\/1"}],"replies":[{"embeddable":true,"href":"https:\/\/co-nect.definima.net\/en\/wp-json\/wp\/v2\/comments?post=14768"}],"version-history":[{"count":2,"href":"https:\/\/co-nect.definima.net\/en\/wp-json\/wp\/v2\/posts\/14768\/revisions"}],"predecessor-version":[{"id":14777,"href":"https:\/\/co-nect.definima.net\/en\/wp-json\/wp\/v2\/posts\/14768\/revisions\/14777"}],"wp:attachment":[{"href":"https:\/\/co-nect.definima.net\/en\/wp-json\/wp\/v2\/media?parent=14768"}],"wp:term":[{"taxonomy":"category","embeddable":true,"href":"https:\/\/co-nect.definima.net\/en\/wp-json\/wp\/v2\/categories?post=14768"},{"taxonomy":"post_tag","embeddable":true,"href":"https:\/\/co-nect.definima.net\/en\/wp-json\/wp\/v2\/tags?post=14768"}],"curies":[{"name":"wp","href":"https:\/\/api.w.org\/{rel}","templated":true}]}}